{"id":1822,"date":"2021-09-17T11:34:36","date_gmt":"2021-09-17T14:34:36","guid":{"rendered":"https:\/\/paradadasmultas.com.br\/?p=1822"},"modified":"2021-09-17T11:34:36","modified_gmt":"2021-09-17T14:34:36","slug":"nova-lei-de-transito-tire-suas-duvidas-sobre-a-suspensao-da-cnh","status":"publish","type":"post","link":"https:\/\/paradadasmultas.com.br\/index.php\/2021\/09\/17\/nova-lei-de-transito-tire-suas-duvidas-sobre-a-suspensao-da-cnh\/","title":{"rendered":"Nova lei de tr\u00e2nsito: tire suas d\u00favidas sobre a suspens\u00e3o da CNH ."},"content":{"rendered":"<p>[et_pb_section fb_built=&#8221;1&#8243; _builder_version=&#8221;4.9.2&#8243; _module_preset=&#8221;default&#8221;][et_pb_row _builder_version=&#8221;4.9.2&#8243; _module_preset=&#8221;default&#8221;][et_pb_column _builder_version=&#8221;4.9.2&#8243; _module_preset=&#8221;default&#8221; type=&#8221;4_4&#8243;][et_pb_text _builder_version=&#8221;4.9.2&#8243; _module_preset=&#8221;default&#8221; hover_enabled=&#8221;0&#8243; sticky_enabled=&#8221;0&#8243;]<\/p>\n<div class=\"_6SyeS\" data-hook=\"post-description\">\n<article class=\"blog-post-page-font\">\n<div class=\"post-content__body\">\n<div class=\"_2cDMG\">\n<div class=\"_2cDMG\">\n<div class=\"bVAkx _3777I _1dQP3\" data-rce-version=\"8.50.2\">\n<div class=\"kcuBq _2msPJ _189VQ uatYj\" dir=\"ltr\" data-id=\"rich-content-viewer\">\n<div class=\"kaqlz _2S8BH\" style=\"text-align: left;\">\n<p id=\"viewer-5hrc2\" class=\"XzvDs _208Ie _1atvN _2QAo- _1iXso _3_La3 _1atvN public-DraftStyleDefault-block-depth0 public-DraftStyleDefault-text-ltr\" style=\"text-align: justify;\"><span class=\"vkIF2 public-DraftStyleDefault-ltr\"><em>A advogada Rochane Ponzi esclarece como funcionar\u00e3o as regras para quem est\u00e1 com a CNH suspensa. Acompanhe!<\/em><\/span><\/p>\n<p class=\"XzvDs _208Ie _1atvN _2QAo- _1iXso _3_La3 _1atvN public-DraftStyleDefault-block-depth0 public-DraftStyleDefault-text-ltr\" style=\"text-align: justify;\"><span class=\"vkIF2 public-DraftStyleDefault-ltr\">A nova lei de tr\u00e2nsito entrou em vigor no dia 12 de abril, e trouxe com ela, muitas d\u00favidas aos condutores, propriet\u00e1rios de ve\u00edculos, candidatos \u00e0 tirar a Carteira Nacional de Habilita\u00e7\u00e3o \u2013 CNH, entre outros.<\/span><\/p>\n<p class=\"XzvDs _208Ie _1atvN _2QAo- _1iXso _3_La3 _1atvN public-DraftStyleDefault-block-depth0 public-DraftStyleDefault-text-ltr\" style=\"text-align: justify;\"><span class=\"vkIF2 public-DraftStyleDefault-ltr\">Pensando nisso, conversamos com a advogada, moderadora do Grupo de Estudos em Direito de Tr\u00e2nsito da ESA-OAB\/RS e Vice-Presidente da ABATRAN \u2013 Associa\u00e7\u00e3o Brasileira dos Advogados de Tr\u00e2nsito, Rochane Ponzi, sobre como funcionar\u00e3o as regras para quem est\u00e1 com a <a href=\"https:\/\/reciclagemcnhonline.com.br\/\" target=\"_blank\" rel=\"noopener noreferrer\" class=\"_2qJYG _2E8wo\">CNH suspensa.<\/a><\/span><\/p>\n<p class=\"XzvDs _208Ie _1atvN _2QAo- _1iXso _3_La3 _1atvN public-DraftStyleDefault-block-depth0 public-DraftStyleDefault-text-ltr\" style=\"text-align: justify;\"><span class=\"vkIF2 public-DraftStyleDefault-ltr\">Acompanhe!<\/span><\/p>\n<p class=\"XzvDs _208Ie _1atvN _2QAo- _1iXso _3_La3 _1atvN public-DraftStyleDefault-block-depth0 public-DraftStyleDefault-text-ltr\" style=\"text-align: justify;\"><span class=\"vkIF2 public-DraftStyleDefault-ltr\"><strong>Portal do Tr\u00e2nsito \u2013<\/strong> <strong>O<\/strong> <strong>que<\/strong> <strong>dizia<\/strong> <strong>a legisla\u00e7\u00e3o<\/strong> <strong>sobre<\/strong> <strong>a<\/strong> <strong>suspens\u00e3o<\/strong> <strong>do<\/strong> <strong>direito<\/strong> <strong>de<\/strong> <strong>dirigir?<\/strong><\/span><\/p>\n<p id=\"viewer-2a417\" class=\"XzvDs _208Ie _1atvN _2QAo- _1iXso _3_La3 _1atvN public-DraftStyleDefault-block-depth0 public-DraftStyleDefault-text-ltr\" style=\"text-align: justify;\"><span class=\"vkIF2 public-DraftStyleDefault-ltr\"><strong>Rochane Ponzi \u2013<\/strong> Anteriormente, o condutor poderia ter a <a href=\"https:\/\/www.portaldotransito.com.br\/noticias\/cnh-suspensa-qual-e-o-melhor-momento-de-fazer-o-curso-de-reciclagem\/\" target=\"_blank\" rel=\"noopener noreferrer\" class=\"_2qJYG _2E8wo\">CNH suspensa<\/a> nas seguintes situa\u00e7\u00f5es: a) somat\u00f3rio de 20 pontos ou mais;<\/span><\/p>\n<p class=\"XzvDs _208Ie _1atvN _2QAo- _1iXso _3_La3 _1atvN public-DraftStyleDefault-block-depth0 public-DraftStyleDefault-text-ltr\" style=\"text-align: justify;\"><span class=\"vkIF2 public-DraftStyleDefault-ltr\">b) cometimento de alguma infra\u00e7\u00e3o de tr\u00e2nsito que tenha previs\u00e3o aut\u00f4noma de suspens\u00e3o (s\u00e3o 20 artigos no CTB que t\u00eam essa previs\u00e3o);<\/span><\/p>\n<p class=\"XzvDs _208Ie _1atvN _2QAo- _1iXso _3_La3 _1atvN public-DraftStyleDefault-block-depth0 public-DraftStyleDefault-text-ltr\" style=\"text-align: justify;\"><span class=\"vkIF2 public-DraftStyleDefault-ltr\">c) reprova\u00e7\u00e3o no exame toxicol\u00f3gico;<\/span><\/p>\n<p class=\"XzvDs _208Ie _1atvN _2QAo- _1iXso _3_La3 _1atvN public-DraftStyleDefault-block-depth0 public-DraftStyleDefault-text-ltr\" style=\"text-align: justify;\"><span class=\"vkIF2 public-DraftStyleDefault-ltr\">d) por determina\u00e7\u00e3o judicial.<\/span><\/p>\n<p class=\"XzvDs _208Ie _1atvN _2QAo- _1iXso _3_La3 _1atvN public-DraftStyleDefault-block-depth0 public-DraftStyleDefault-text-ltr\" style=\"text-align: justify;\"><span class=\"vkIF2 public-DraftStyleDefault-ltr\">O CTB disciplina a suspens\u00e3o do direito de dirigir no art. 261.<\/span><\/p>\n<p class=\"XzvDs _208Ie _1atvN _2QAo- _1iXso _3_La3 _1atvN public-DraftStyleDefault-block-depth0 public-DraftStyleDefault-text-ltr\" style=\"text-align: justify;\"><span class=\"vkIF2 public-DraftStyleDefault-ltr\"><strong>Portal do Tr\u00e2nsito \u2013<\/strong> <strong>O<\/strong> <strong>que<\/strong> <strong>prev\u00ea<\/strong> <strong>a nova legisla\u00e7\u00e3o de tr\u00e2nsito no Brasil<\/strong><\/span><\/p>\n<p class=\"XzvDs _208Ie _1atvN _2QAo- _1iXso _3_La3 _1atvN public-DraftStyleDefault-block-depth0 public-DraftStyleDefault-text-ltr\" style=\"text-align: justify;\"><span class=\"vkIF2 public-DraftStyleDefault-ltr\"><strong>Rochane Ponzi \u2013<\/strong> A lei <a href=\"http:\/\/www.planalto.gov.br\/ccivil_03\/_ato2019-2022\/2020\/lei\/l14071.htm\" target=\"_blank\" rel=\"noopener noreferrer\" class=\"_2qJYG _2E8wo\">14.071\/20<\/a> alterou o art. 261 para criar um escalonamento para as situa\u00e7\u00f5es de suspens\u00e3o do direito de dirigir pelo somat\u00f3rio de pontos. Desde a vig\u00eancia da nova lei, a suspens\u00e3o do direito de dirigir por pontos ocorre da seguinte maneira:<\/span><\/p>\n<p class=\"XzvDs _208Ie _1atvN _2QAo- _1iXso _3_La3 _1atvN public-DraftStyleDefault-block-depth0 public-DraftStyleDefault-text-ltr\" style=\"text-align: justify;\"><span class=\"vkIF2 public-DraftStyleDefault-ltr\">a) 20 pontos, caso constem 2 ou mais infra\u00e7\u00f5es grav\u00edssimas na pontua\u00e7\u00e3o;<\/span><\/p>\n<p class=\"XzvDs _208Ie _1atvN _2QAo- _1iXso _3_La3 _1atvN public-DraftStyleDefault-block-depth0 public-DraftStyleDefault-text-ltr\" style=\"text-align: justify;\"><span class=\"vkIF2 public-DraftStyleDefault-ltr\">b) 30 pontos, caso conste 1 infra\u00e7\u00e3o grav\u00edssima na pontua\u00e7\u00e3o;<\/span><\/p>\n<p class=\"XzvDs _208Ie _1atvN _2QAo- _1iXso _3_La3 _1atvN public-DraftStyleDefault-block-depth0 public-DraftStyleDefault-text-ltr\" style=\"text-align: justify;\"><span class=\"vkIF2 public-DraftStyleDefault-ltr\">c) 40 pontos, caso n\u00e3o conste nenhuma infra\u00e7\u00e3o grav\u00edssima na pontua\u00e7\u00e3o.<\/span><\/p>\n<blockquote id=\"viewer-a83m7\" class=\"_3jY04 _1J-OE _1yXpC _2QAo- _1iXso _3_La3 _1atvN public-DraftStyleDefault-block-depth0 public-DraftStyleDefault-text-ltr\">\n<p><span class=\"vkIF2 public-DraftStyleDefault-ltr\"><em>J\u00e1 o limite para motoristas que exercem atividade remunerada ser\u00e1 sempre 40 pontos, independentemente da natureza das infra\u00e7\u00f5es que compuserem o seu somat\u00f3rio.<\/em><\/span><\/p>\n<\/blockquote>\n<p class=\"XzvDs _208Ie _1atvN _2QAo- _1iXso _3_La3 _1atvN public-DraftStyleDefault-block-depth0 public-DraftStyleDefault-text-ltr\" style=\"text-align: justify;\"><span class=\"vkIF2 public-DraftStyleDefault-ltr\"><strong>Portal do Tr\u00e2nsito \u2013<\/strong> <strong>Quais<\/strong> <strong>s\u00e3o<\/strong> <strong>as<\/strong> <strong>consequ\u00eancias<\/strong> <strong>positivas<\/strong> <strong>dessa<\/strong> <strong>nova<\/strong> <strong>medida?<\/strong><\/span><\/p>\n<p id=\"viewer-b7cfi\" class=\"XzvDs _208Ie _1atvN _2QAo- _1iXso _3_La3 _1atvN public-DraftStyleDefault-block-depth0 public-DraftStyleDefault-text-ltr\" style=\"text-align: justify;\"><span class=\"vkIF2 public-DraftStyleDefault-ltr\">Rochane Ponzi \u2013 O \u00fanico ponto que vejo como positivo dessa nova medida foi a inten\u00e7\u00e3o de se lan\u00e7ar um olhar mais atento ao problema dos motoristas profissionais, que acabam mais expostos a receber multas, correndo o risco de perder a habilita\u00e7\u00e3o \u2013 seu meio de subsist\u00eancia. Todavia, ainda que eu, particularmente, seja sens\u00edvel a esse problema, n\u00e3o posso deixar de registrar meu entendimento pessoal, de que essa categoria, justamente por sua excessiva exposi\u00e7\u00e3o ao tr\u00e2nsito, \u00e9 a que mais deveria dar o exemplo.<\/span><\/p>\n<p class=\"XzvDs _208Ie _1atvN _2QAo- _1iXso _3_La3 _1atvN public-DraftStyleDefault-block-depth0 public-DraftStyleDefault-text-ltr\" style=\"text-align: justify;\"><span class=\"vkIF2 public-DraftStyleDefault-ltr\"><strong>Portal do Tr\u00e2nsito \u2013<\/strong> <strong>E<\/strong> <strong>quais<\/strong> <strong>s\u00e3o<\/strong> <strong>as<\/strong> <strong>consequ\u00eancias<\/strong> <strong>negativas<\/strong> <strong>dessa<\/strong> <strong>nova<\/strong> <strong>medida?<\/strong><\/span><\/p>\n<p class=\"XzvDs _208Ie _1atvN _2QAo- _1iXso _3_La3 _1atvN public-DraftStyleDefault-block-depth0 public-DraftStyleDefault-text-ltr\" style=\"text-align: justify;\"><span class=\"vkIF2 public-DraftStyleDefault-ltr\"><strong>Rochane Ponzi<\/strong> \u2013 A justificativa data pelo executivo ao propor o projeto de lei 3.267, posteriormente convertido na lei 14071, foi de que era muito f\u00e1cil somar 20 pontos. Da mesma forma, justificou que muitos DETRANs n\u00e3o teriam condi\u00e7\u00f5es de instaurar processos de suspens\u00e3o dentro do prazo. V\u00ea-se que tais justificativas n\u00e3o possu\u00edam \u2013 e ainda n\u00e3o possuem qualquer embasamento t\u00e9cnico. Particularmente, entendo que n\u00e3o \u00e9 aumentando o limite da pontua\u00e7\u00e3o que transformar\u00e1 os condutores contumazes em condutores respons\u00e1veis. Essa medida privilegia o tipo de puni\u00e7\u00e3o errada, no caso, a multa pecuni\u00e1ria. \u00c9 a suspens\u00e3o\/cassa\u00e7\u00e3o da CNH que efetivamente tem poder de mudar comportamentos no tr\u00e2nsito. Ali\u00e1s, a hist\u00f3ria j\u00e1 nos mostrou que o simples peso no bolso n\u00e3o muda comportamento, principalmente para quem tem dinheiro.<\/span><\/p>\n<blockquote id=\"viewer-od20\" class=\"_3jY04 _1J-OE _1yXpC _2QAo- _1iXso _3_La3 _1atvN public-DraftStyleDefault-block-depth0 public-DraftStyleDefault-text-ltr\">\n<p><span class=\"vkIF2 public-DraftStyleDefault-ltr\"><em>Aumentar o limite de pontos apenas por aumentar, tende a mandar o recado errado \u00e0 popula\u00e7\u00e3o, ou seja, de que est\u00e1 tudo bem cometer infra\u00e7\u00f5es. As cr\u00edticas dos especialistas j\u00e1 foram feitas e de forma exaustiva durante a tramita\u00e7\u00e3o do PL. Agora \u00e9 trabalhar com a mudan\u00e7a e torcer para que a ideia de leni\u00eancia com o comportamento transgressor n\u00e3o prospere.<\/em><\/span><\/p>\n<\/blockquote>\n<div type=\"empty-line\" data-hook=\"rcv-block54\" style=\"text-align: justify;\"><span class=\"vkIF2 public-DraftStyleDefault-ltr\"><strong>Portal do Tr\u00e2nsito \u2013<\/strong> <strong>Como ficar\u00e3o os processos nessa transi\u00e7\u00e3o? Por exemplo, se eu tenho<\/strong> <strong>20 pontos, mas ainda n\u00e3o foi instaurado o processo de suspens\u00e3o, o que vai<\/strong> <strong>valer?<\/strong><\/span><\/div>\n<p id=\"viewer-6b213\" class=\"XzvDs _208Ie _1atvN _2QAo- _1iXso _3_La3 _1atvN public-DraftStyleDefault-block-depth0 public-DraftStyleDefault-text-ltr\" style=\"text-align: justify;\"><span class=\"vkIF2 public-DraftStyleDefault-ltr\"><strong>Rochane Ponzi \u2013<\/strong> J\u00e1 adianto que esse \u00e9 um assunto pol\u00eamico e h\u00e1 muita diverg\u00eancia quanto \u00e0 forma de aplica\u00e7\u00e3o da suspens\u00e3o por pontos entre os Estados, o que por si s\u00f3 tamb\u00e9m trar\u00e1 pol\u00eamica quanto ao momento da aplica\u00e7\u00e3o da nova lei. O Detran-RS havia sinalizado que somente infra\u00e7\u00f5es cometidas ap\u00f3s 12\/04\/2021 receber\u00e3o o tratamento da lei nova.<\/span><\/p>\n<p id=\"viewer-ekmov\" class=\"XzvDs _208Ie _1atvN _2QAo- _1iXso _3_La3 _1atvN public-DraftStyleDefault-block-depth0 public-DraftStyleDefault-text-ltr\" style=\"text-align: justify;\"><span class=\"vkIF2 public-DraftStyleDefault-ltr\">Todavia, na tentativa de apaziguar a quest\u00e3o e orientar os \u00f3rg\u00e3os da administra\u00e7\u00e3o p\u00fablica, o CONTRAN publicou a <a href=\"https:\/\/www.gov.br\/infraestrutura\/pt-br\/assuntos\/transito\/conteudo-contran\/resolucoes\/Resolucao8442021R.pdf\" target=\"_blank\" rel=\"noopener noreferrer\" class=\"_2qJYG _2E8wo\">Res. 844\/21<\/a> em 12\/04\/2021, que altera a Res. 723\/18, disciplinando que se deve ser aplicada a lei nova para todos os processos de suspens\u00e3o que ainda n\u00e3o foram instaurados (art. 3\u00ba, \u00a72\u00ba, I) ou, se j\u00e1 instaurados, que n\u00e3o tenha sido a penalidade definitivamente aplicada e anotada no Renach (art. 3\u00ba, \u00a72\u00ba, II).<\/span><\/p>\n<blockquote id=\"viewer-eq46h\" class=\"_3jY04 _1J-OE _1yXpC _2QAo- _1iXso _3_La3 _1atvN public-DraftStyleDefault-block-depth0 public-DraftStyleDefault-text-ltr\">\n<p><span class=\"vkIF2 public-DraftStyleDefault-ltr\"><em>Assim, respondendo \u00e0 pergunta: se a pessoa somou 20 pontos antes de 12\/04\/2021, mas a administra\u00e7\u00e3o n\u00e3o instaurou o SDD durante a vig\u00eancia da lei antiga, quando o fizer, ter\u00e1 que observar o regramento da lei nova, cujo limite aumentou.<\/em><\/span><\/p>\n<\/blockquote>\n<div type=\"paragraph\" data-hook=\"rcv-block64\" style=\"text-align: justify;\">\n<div type=\"paragraph\" data-hook=\"rcv-block64\"><\/div>\n<\/div>\n<div id=\"viewer-9pkui\" class=\"XzvDs _208Ie _1atvN _2QAo- _1iXso _3_La3 _1atvN public-DraftStyleDefault-block-depth0 public-DraftStyleDefault-text-ltr\" style=\"text-align: justify;\">\n<blockquote class=\"_3jY04 _1J-OE _1yXpC _2QAo- _1iXso _3_La3 _1atvN public-DraftStyleDefault-block-depth0 public-DraftStyleDefault-text-ltr\">\n<p><span class=\"vkIF2 public-DraftStyleDefault-ltr\">\u00c9 importante destacar que n\u00e3o h\u00e1 qualquer impedimento de se considerar pontos adquiridos em infra\u00e7\u00f5es cometidas antes de 12\/04\/2021.<\/span><\/p>\n<\/blockquote>\n<div type=\"paragraph\" data-hook=\"rcv-block64\"><strong>Portal do Tr\u00e2nsito \u2013<\/strong> <strong>Em<\/strong> <strong>que<\/strong> <strong>casos<\/strong> <strong>n\u00e3o<\/strong> <strong>haver\u00e1<\/strong> <strong>mudan\u00e7a<\/strong> <strong>na<\/strong> <strong>legisla\u00e7\u00e3o?<\/strong><\/div>\n<div type=\"paragraph\" data-hook=\"rcv-block64\"><strong><\/strong><\/div>\n<div type=\"paragraph\" data-hook=\"rcv-block64\"><strong>Rochane Ponzi \u2013<\/strong> N\u00e3o haver\u00e1 altera\u00e7\u00e3o nos casos de suspens\u00e3o do direito de dirigir por infra\u00e7\u00e3o em que a compet\u00eancia para aplicar a multa de origem for do Estado e este, ou seus conveniados, lavrarem o AIT.<\/div>\n<div type=\"paragraph\" data-hook=\"rcv-block64\"><strong><\/strong><\/div>\n<div type=\"paragraph\" data-hook=\"rcv-block64\"><strong>Portal do Tr\u00e2nsito \u2013<\/strong> <strong>Em que casos haver\u00e1 suspens\u00e3o direta do direito de dirigir a partir de<\/strong> <strong>12\/04\/2021?<\/strong><\/div>\n<div type=\"paragraph\" data-hook=\"rcv-block64\"><strong><\/strong><\/div>\n<div type=\"paragraph\" data-hook=\"rcv-block64\"><strong>Rochane Ponzi \u2013<\/strong> Processo de suspens\u00e3o por infra\u00e7\u00e3o cuja compet\u00eancia da multa de origem for do Munic\u00edpio ou do \u00f3rg\u00e3o rodovi\u00e1rio (federal ou estadual). Para esses casos, a compet\u00eancia para processar a suspens\u00e3o sai das m\u00e3os dos Detrans e passa para o \u00f3rg\u00e3o autuador que lavrou o AIT, devendo tramitar em processo concomitante.<\/div>\n<\/div>\n<p id=\"viewer-dfpb4\" class=\"XzvDs _208Ie _1atvN _2QAo- _1iXso _3_La3 _1atvN public-DraftStyleDefault-block-depth0 public-DraftStyleDefault-text-ltr\" style=\"text-align: justify;\"><span class=\"vkIF2 public-DraftStyleDefault-ltr\">Na Resolu\u00e7\u00e3o 844\/21, igualmente restou disciplinado que processo de suspens\u00e3o por infra\u00e7\u00e3o dever\u00e3o observar<\/span><\/p>\n<p id=\"viewer-6ekv3\" class=\"XzvDs _208Ie _1atvN _2QAo- _1iXso _3_La3 _1atvN public-DraftStyleDefault-block-depth0 public-DraftStyleDefault-text-ltr\" style=\"text-align: justify;\"><span class=\"vkIF2 public-DraftStyleDefault-ltr\">a) para infra\u00e7\u00f5es cometidas antes de 12\/04\/2021, quem instaura \u00e9 o \u00f3rg\u00e3o ou entidade executivo de tr\u00e2nsito de registro do documento de habilita\u00e7\u00e3o;<\/span><\/p>\n<p id=\"viewer-395jn\" class=\"XzvDs _208Ie _1atvN _2QAo- _1iXso _3_La3 _1atvN public-DraftStyleDefault-block-depth0 public-DraftStyleDefault-text-ltr\" style=\"text-align: justify;\"><span class=\"vkIF2 public-DraftStyleDefault-ltr\">b) para infra\u00e7\u00f5es cometidas a partir de 12\/04\/2021, quem instaura \u00e9 o \u00f3rg\u00e3o ou entidade respons\u00e1vel pela aplica\u00e7\u00e3o da penalidade de multa.<\/span><\/p>\n<p class=\"XzvDs _208Ie _1atvN _2QAo- _1iXso _3_La3 _1atvN public-DraftStyleDefault-block-depth0 public-DraftStyleDefault-text-ltr\" style=\"text-align: justify;\"><span class=\"vkIF2 public-DraftStyleDefault-ltr\"><strong>Portal do Tr\u00e2nsito \u2013 Para finalizar, h\u00e1 algo a mais que considere importante acrescentar?<\/strong><\/span><\/p>\n<p id=\"viewer-2557s\" class=\"XzvDs _208Ie _1atvN _2QAo- _1iXso _3_La3 _1atvN public-DraftStyleDefault-block-depth0 public-DraftStyleDefault-text-ltr\" style=\"text-align: justify;\"><span class=\"vkIF2 public-DraftStyleDefault-ltr\"><strong>Rochane Ponzi \u2013<\/strong> Considerando que por for\u00e7a do Princ\u00edpio da Legalidade, n\u00e3o poder\u00e1 a Administra\u00e7\u00e3o, reconhecer <em>ex officio <\/em>eventual retroatividade da lei nova fora dos limites disciplinados pela Resolu\u00e7\u00e3o 844\/21 do CONTRAN.<\/span><\/p>\n<blockquote id=\"viewer-93l5o\" class=\"_3jY04 _1J-OE _1yXpC _2QAo- _1iXso _3_La3 _1atvN public-DraftStyleDefault-block-depth0 public-DraftStyleDefault-text-ltr\">\n<p><span class=\"vkIF2 public-DraftStyleDefault-ltr\"><em>Em todos os casos de condutores que ainda n\u00e3o cumpriram integralmente a pena<\/em> <em>que lhes foi aplicada pela SDD por pontos, poder\u00e3o acionar o Poder Judici\u00e1rio pleiteando a aplica\u00e7\u00e3o do Princ\u00edpio da Retroatividade da Lei Mais Ben\u00e9fica, a depender do novo enquadramento que receberem pela Lei 14071\/20 (30 ou 40 pontos).<\/em><\/span><\/p>\n<\/blockquote>\n<p id=\"viewer-6116u\" class=\"XzvDs _208Ie _1atvN _2QAo- _25MYV _2WrB- _1atvN public-DraftStyleDefault-block-depth0 public-DraftStyleDefault-text-ltr\" style=\"text-align: justify;\"><span class=\"vkIF2 public-DraftStyleDefault-ltr\"><strong>Fonte: Portal do Tr\u00e2nsito<\/strong><\/span><\/p>\n<div type=\"paragraph\" data-hook=\"rcv-block95\" style=\"text-align: justify;\"><\/div>\n<div type=\"last\" data-hook=\"rcv-block-last\"><\/div>\n<\/div>\n<\/div>\n<\/div>\n<\/div>\n<\/div>\n<\/div>\n<\/article>\n<\/div>\n<div class=\"_1AZWZ\">\n<div class=\"_2MaCJ\" data-hook=\"post-main-actions-desktop\">\n<div class=\"_3A4UZ blog-separator-background-color\"><\/div>\n<div class=\"_3HCJ3 _2oeUd\">\n<div class=\"_1J-gM\">\n<div class=\"_1XNTM blog-text-color\" id=\"post-social-actions_60dd855a982f300015e65cec\" tabindex=\"-1\"><\/div>\n<\/div>\n<\/div>\n<\/div>\n<\/div>\n<p>[\/et_pb_text][\/et_pb_column][\/et_pb_row][\/et_pb_section]<\/p>\n","protected":false},"excerpt":{"rendered":"<p>[et_pb_section fb_built=&#8221;1&#8243; _builder_version=&#8221;4.9.2&#8243; _module_preset=&#8221;default&#8221;][et_pb_row _builder_version=&#8221;4.9.2&#8243; _module_preset=&#8221;default&#8221;][et_pb_column _builder_version=&#8221;4.9.2&#8243; _module_preset=&#8221;default&#8221; type=&#8221;4_4&#8243;][et_pb_text _builder_version=&#8221;4.9.2&#8243; _module_preset=&#8221;default&#8221; hover_enabled=&#8221;0&#8243; sticky_enabled=&#8221;0&#8243;] A advogada Rochane Ponzi esclarece como funcionar\u00e3o as regras para quem est\u00e1 com a CNH suspensa. Acompanhe! A nova lei de tr\u00e2nsito entrou em vigor no dia 12 de abril, e trouxe com ela, muitas d\u00favidas aos condutores, propriet\u00e1rios de ve\u00edculos, candidatos [&hellip;]<\/p>\n","protected":false},"author":1,"featured_media":1823,"comment_status":"open","ping_status":"open","sticky":false,"template":"","format":"standard","meta":{"_et_pb_use_builder":"on","_et_pb_old_content":"","_et_gb_content_width":""},"categories":[1],"tags":[],"yoast_head":"<!-- This site is optimized with the Yoast SEO plugin v15.9.2 - https:\/\/yoast.com\/wordpress\/plugins\/seo\/ -->\n<title>Nova lei de tr\u00e2nsito: tire suas d\u00favidas sobre a suspens\u00e3o da CNH . - Parada das Multas<\/title>\n<meta name=\"description\" content=\"Queremos selar o compromisso de oferecer a voc\u00ea o melhor recurso para o deferimento da sua multa. Disponibilizamos o (S.A.C) Servi\u00e7o de Atendimento ao Cliente, atrav\u00e9s do WhatsApp (27)99890-9694, voc\u00ea fala diretamente com profissional e esclarece todas as d\u00favidas relacionadas ao assunto totalmente gratuita.\" \/>\n<meta name=\"robots\" content=\"index, follow, max-snippet:-1, max-image-preview:large, max-video-preview:-1\" \/>\n<link rel=\"canonical\" href=\"https:\/\/paradadasmultas.com.br\/index.php\/2021\/09\/17\/nova-lei-de-transito-tire-suas-duvidas-sobre-a-suspensao-da-cnh\/\" \/>\n<meta property=\"og:locale\" content=\"pt_BR\" \/>\n<meta property=\"og:type\" content=\"article\" \/>\n<meta property=\"og:title\" content=\"Nova lei de tr\u00e2nsito: tire suas d\u00favidas sobre a suspens\u00e3o da CNH . - Parada das Multas\" \/>\n<meta property=\"og:description\" content=\"Queremos selar o compromisso de oferecer a voc\u00ea o melhor recurso para o deferimento da sua multa. Disponibilizamos o (S.A.C) Servi\u00e7o de Atendimento ao Cliente, atrav\u00e9s do WhatsApp (27)99890-9694, voc\u00ea fala diretamente com profissional e esclarece todas as d\u00favidas relacionadas ao assunto totalmente gratuita.\" \/>\n<meta property=\"og:url\" content=\"https:\/\/paradadasmultas.com.br\/index.php\/2021\/09\/17\/nova-lei-de-transito-tire-suas-duvidas-sobre-a-suspensao-da-cnh\/\" \/>\n<meta property=\"og:site_name\" content=\"Parada das Multas\" \/>\n<meta property=\"article:published_time\" content=\"2021-09-17T14:34:36+00:00\" \/>\n<meta property=\"og:image\" content=\"https:\/\/paradadasmultas.com.br\/wp-content\/uploads\/2021\/09\/Capturar.png\" \/>\n\t<meta property=\"og:image:width\" content=\"418\" \/>\n\t<meta property=\"og:image:height\" content=\"373\" \/>\n<meta name=\"twitter:card\" content=\"summary_large_image\" \/>\n<script type=\"application\/ld+json\" class=\"yoast-schema-graph\">{\"@context\":\"https:\/\/schema.org\",\"@graph\":[{\"@type\":\"Organization\",\"@id\":\"https:\/\/paradadasmultas.com.br\/#organization\",\"name\":\"Parada das Multas\",\"url\":\"https:\/\/paradadasmultas.com.br\/\",\"sameAs\":[],\"logo\":{\"@type\":\"ImageObject\",\"@id\":\"https:\/\/paradadasmultas.com.br\/#logo\",\"inLanguage\":\"pt-BR\",\"url\":\"https:\/\/paradadasmultas.com.br\/wp-content\/uploads\/2020\/10\/parada-das-multas-1.png\",\"width\":227,\"height\":120,\"caption\":\"Parada das Multas\"},\"image\":{\"@id\":\"https:\/\/paradadasmultas.com.br\/#logo\"}},{\"@type\":\"WebSite\",\"@id\":\"https:\/\/paradadasmultas.com.br\/#website\",\"url\":\"https:\/\/paradadasmultas.com.br\/\",\"name\":\"Parada das Multas\",\"description\":\"Levou multa e n\\u00e3o sabe como recorrer?\",\"publisher\":{\"@id\":\"https:\/\/paradadasmultas.com.br\/#organization\"},\"potentialAction\":[{\"@type\":\"SearchAction\",\"target\":\"https:\/\/paradadasmultas.com.br\/?s={search_term_string}\",\"query-input\":\"required name=search_term_string\"}],\"inLanguage\":\"pt-BR\"},{\"@type\":\"ImageObject\",\"@id\":\"https:\/\/paradadasmultas.com.br\/index.php\/2021\/09\/17\/nova-lei-de-transito-tire-suas-duvidas-sobre-a-suspensao-da-cnh\/#primaryimage\",\"inLanguage\":\"pt-BR\",\"url\":\"https:\/\/paradadasmultas.com.br\/wp-content\/uploads\/2021\/09\/Capturar.png\",\"width\":418,\"height\":373},{\"@type\":\"WebPage\",\"@id\":\"https:\/\/paradadasmultas.com.br\/index.php\/2021\/09\/17\/nova-lei-de-transito-tire-suas-duvidas-sobre-a-suspensao-da-cnh\/#webpage\",\"url\":\"https:\/\/paradadasmultas.com.br\/index.php\/2021\/09\/17\/nova-lei-de-transito-tire-suas-duvidas-sobre-a-suspensao-da-cnh\/\",\"name\":\"Nova lei de tr\\u00e2nsito: tire suas d\\u00favidas sobre a suspens\\u00e3o da CNH . - Parada das Multas\",\"isPartOf\":{\"@id\":\"https:\/\/paradadasmultas.com.br\/#website\"},\"primaryImageOfPage\":{\"@id\":\"https:\/\/paradadasmultas.com.br\/index.php\/2021\/09\/17\/nova-lei-de-transito-tire-suas-duvidas-sobre-a-suspensao-da-cnh\/#primaryimage\"},\"datePublished\":\"2021-09-17T14:34:36+00:00\",\"dateModified\":\"2021-09-17T14:34:36+00:00\",\"description\":\"Queremos selar o compromisso de oferecer a voc\\u00ea o melhor recurso para o deferimento da sua multa. Disponibilizamos o (S.A.C) Servi\\u00e7o de Atendimento ao Cliente, atrav\\u00e9s do WhatsApp (27)99890-9694, voc\\u00ea fala diretamente com profissional e esclarece todas as d\\u00favidas relacionadas ao assunto totalmente gratuita.\",\"breadcrumb\":{\"@id\":\"https:\/\/paradadasmultas.com.br\/index.php\/2021\/09\/17\/nova-lei-de-transito-tire-suas-duvidas-sobre-a-suspensao-da-cnh\/#breadcrumb\"},\"inLanguage\":\"pt-BR\",\"potentialAction\":[{\"@type\":\"ReadAction\",\"target\":[\"https:\/\/paradadasmultas.com.br\/index.php\/2021\/09\/17\/nova-lei-de-transito-tire-suas-duvidas-sobre-a-suspensao-da-cnh\/\"]}]},{\"@type\":\"BreadcrumbList\",\"@id\":\"https:\/\/paradadasmultas.com.br\/index.php\/2021\/09\/17\/nova-lei-de-transito-tire-suas-duvidas-sobre-a-suspensao-da-cnh\/#breadcrumb\",\"itemListElement\":[{\"@type\":\"ListItem\",\"position\":1,\"item\":{\"@type\":\"WebPage\",\"@id\":\"https:\/\/paradadasmultas.com.br\/\",\"url\":\"https:\/\/paradadasmultas.com.br\/\",\"name\":\"In\\u00edcio\"}},{\"@type\":\"ListItem\",\"position\":2,\"item\":{\"@type\":\"WebPage\",\"@id\":\"https:\/\/paradadasmultas.com.br\/index.php\/2021\/09\/17\/nova-lei-de-transito-tire-suas-duvidas-sobre-a-suspensao-da-cnh\/\",\"url\":\"https:\/\/paradadasmultas.com.br\/index.php\/2021\/09\/17\/nova-lei-de-transito-tire-suas-duvidas-sobre-a-suspensao-da-cnh\/\",\"name\":\"Nova lei de tr\\u00e2nsito: tire suas d\\u00favidas sobre a suspens\\u00e3o da CNH .\"}}]},{\"@type\":\"Article\",\"@id\":\"https:\/\/paradadasmultas.com.br\/index.php\/2021\/09\/17\/nova-lei-de-transito-tire-suas-duvidas-sobre-a-suspensao-da-cnh\/#article\",\"isPartOf\":{\"@id\":\"https:\/\/paradadasmultas.com.br\/index.php\/2021\/09\/17\/nova-lei-de-transito-tire-suas-duvidas-sobre-a-suspensao-da-cnh\/#webpage\"},\"author\":{\"@id\":\"https:\/\/paradadasmultas.com.br\/#\/schema\/person\/1787885f492a0e76f08c53c306aa147c\"},\"headline\":\"Nova lei de tr\\u00e2nsito: tire suas d\\u00favidas sobre a suspens\\u00e3o da CNH .\",\"datePublished\":\"2021-09-17T14:34:36+00:00\",\"dateModified\":\"2021-09-17T14:34:36+00:00\",\"mainEntityOfPage\":{\"@id\":\"https:\/\/paradadasmultas.com.br\/index.php\/2021\/09\/17\/nova-lei-de-transito-tire-suas-duvidas-sobre-a-suspensao-da-cnh\/#webpage\"},\"commentCount\":0,\"publisher\":{\"@id\":\"https:\/\/paradadasmultas.com.br\/#organization\"},\"image\":{\"@id\":\"https:\/\/paradadasmultas.com.br\/index.php\/2021\/09\/17\/nova-lei-de-transito-tire-suas-duvidas-sobre-a-suspensao-da-cnh\/#primaryimage\"},\"inLanguage\":\"pt-BR\",\"potentialAction\":[{\"@type\":\"CommentAction\",\"name\":\"Comment\",\"target\":[\"https:\/\/paradadasmultas.com.br\/index.php\/2021\/09\/17\/nova-lei-de-transito-tire-suas-duvidas-sobre-a-suspensao-da-cnh\/#respond\"]}]},{\"@type\":\"Person\",\"@id\":\"https:\/\/paradadasmultas.com.br\/#\/schema\/person\/1787885f492a0e76f08c53c306aa147c\",\"name\":\"paradadasmultas\",\"image\":{\"@type\":\"ImageObject\",\"@id\":\"https:\/\/paradadasmultas.com.br\/#personlogo\",\"inLanguage\":\"pt-BR\",\"url\":\"https:\/\/secure.gravatar.com\/avatar\/5b0f345600f9ccea6a373d072c620ac0?s=96&d=mm&r=g\",\"caption\":\"paradadasmultas\"},\"sameAs\":[\"http:\/\/paradadasmultas.com.br\"]}]}<\/script>\n<!-- \/ Yoast SEO plugin. -->","_links":{"self":[{"href":"https:\/\/paradadasmultas.com.br\/index.php\/wp-json\/wp\/v2\/posts\/1822"}],"collection":[{"href":"https:\/\/paradadasmultas.com.br\/index.php\/wp-json\/wp\/v2\/posts"}],"about":[{"href":"https:\/\/paradadasmultas.com.br\/index.php\/wp-json\/wp\/v2\/types\/post"}],"author":[{"embeddable":true,"href":"https:\/\/paradadasmultas.com.br\/index.php\/wp-json\/wp\/v2\/users\/1"}],"replies":[{"embeddable":true,"href":"https:\/\/paradadasmultas.com.br\/index.php\/wp-json\/wp\/v2\/comments?post=1822"}],"version-history":[{"count":2,"href":"https:\/\/paradadasmultas.com.br\/index.php\/wp-json\/wp\/v2\/posts\/1822\/revisions"}],"predecessor-version":[{"id":1826,"href":"https:\/\/paradadasmultas.com.br\/index.php\/wp-json\/wp\/v2\/posts\/1822\/revisions\/1826"}],"wp:featuredmedia":[{"embeddable":true,"href":"https:\/\/paradadasmultas.com.br\/index.php\/wp-json\/wp\/v2\/media\/1823"}],"wp:attachment":[{"href":"https:\/\/paradadasmultas.com.br\/index.php\/wp-json\/wp\/v2\/media?parent=1822"}],"wp:term":[{"taxonomy":"category","embeddable":true,"href":"https:\/\/paradadasmultas.com.br\/index.php\/wp-json\/wp\/v2\/categories?post=1822"},{"taxonomy":"post_tag","embeddable":true,"href":"https:\/\/paradadasmultas.com.br\/index.php\/wp-json\/wp\/v2\/tags?post=1822"}],"curies":[{"name":"wp","href":"https:\/\/api.w.org\/{rel}","templated":true}]}}